{"id":829,"date":"2013-05-23T11:24:52","date_gmt":"2013-05-23T10:24:52","guid":{"rendered":"http:\/\/www.fahrwerk-berlin.de\/wp\/?p=829"},"modified":"2013-05-23T11:24:52","modified_gmt":"2013-05-23T10:24:52","slug":"presseartikel-ueber-kollektivbetriebe-in-berlin-nichts-zum-reichwerden","status":"publish","type":"post","link":"https:\/\/www.fahrwerk-berlin.de\/wp\/presseartikel-ueber-kollektivbetriebe-in-berlin-nichts-zum-reichwerden\/","title":{"rendered":"Presseartikel \u00fcber Kollektivbetriebe in Berlin: Nichts zum Reichwerden"},"content":{"rendered":"<h3>Backen, drucken, feiern, heilen &#8211; Seit mehr als 30 Jahren gibt es Kollektivbetriebe in Berlin<\/h3>\n<p>Die Boomzeit von Kollektivbetrieben ist vorbei, aber auch 2013 wurden noch Unternehmen ohne Chef gegr\u00fcndet.<br \/>\n<!--more--><br \/>\nAndy Wolff schwenkt ein schwarz-rotes F\u00e4hnchen, w\u00e4hrend er am B\u00fcro der Wochenzeitung \u00bbJungle World\u00ab in der Berliner Gneisenau-stra\u00dfe vorbeif\u00e4hrt. Es ist die Fahne der anarchistischen Arbeiterbewegung, Wolff f\u00fchrt eine Fahrradtour zu Berliner Kollektivbetrieben an. Die Route verl\u00e4uft gr\u00f6\u00dftenteils durch Kreuzberg, ein Abstecher f\u00fchrt nach Friedrichshain zur Druckerei Oktoberdruck.<\/p>\n<p>Wolff ist Mitglied des Kollektivs der Regenbogenfabrik, in der es unter anderem ein Kino, ein Caf\u00e9 und eine Fahrradwerkstatt gibt. Sie geh\u00f6rt zum Netzwerk der Berliner Kollektive, das im Herbst 2012 gegr\u00fcndet wurde.<\/p>\n<p><strong>Weiterlesen auf <a href=\"http:\/\/www.neues-deutschland.de\/artikel\/821494.nichts-zum-reichwerden.html\" target=\"_blank\">www.neues-deutschland.de<\/a><\/strong><\/p>\n","protected":false},"excerpt":{"rendered":"<p>Backen, drucken, feiern, heilen &#8211; Seit mehr als 30 Jahren gibt es Kollektivbetriebe in Berlin Die Boomzeit von Kollektivbetrieben ist vorbei, aber auch 2013 wurden noch Unternehmen ohne Chef gegr\u00fcndet.<\/p>\n","protected":false},"author":6,"featured_media":0,"comment_status":"open","ping_status":"open","sticky":false,"template":"","format":"standard","meta":{"footnotes":""},"categories":[26,23],"tags":[],"class_list":["post-829","post","type-post","status-publish","format-standard","hentry","category-berliner-kollektivbetriebe","category-in-der-presse"],"_links":{"self":[{"href":"https:\/\/www.fahrwerk-berlin.de\/wp\/wp-json\/wp\/v2\/posts\/829","targetHints":{"allow":["GET"]}}],"collection":[{"href":"https:\/\/www.fahrwerk-berlin.de\/wp\/wp-json\/wp\/v2\/posts"}],"about":[{"href":"https:\/\/www.fahrwerk-berlin.de\/wp\/wp-json\/wp\/v2\/types\/post"}],"author":[{"embeddable":true,"href":"https:\/\/www.fahrwerk-berlin.de\/wp\/wp-json\/wp\/v2\/users\/6"}],"replies":[{"embeddable":true,"href":"https:\/\/www.fahrwerk-berlin.de\/wp\/wp-json\/wp\/v2\/comments?post=829"}],"version-history":[{"count":0,"href":"https:\/\/www.fahrwerk-berlin.de\/wp\/wp-json\/wp\/v2\/posts\/829\/revisions"}],"wp:attachment":[{"href":"https:\/\/www.fahrwerk-berlin.de\/wp\/wp-json\/wp\/v2\/media?parent=829"}],"wp:term":[{"taxonomy":"category","embeddable":true,"href":"https:\/\/www.fahrwerk-berlin.de\/wp\/wp-json\/wp\/v2\/categories?post=829"},{"taxonomy":"post_tag","embeddable":true,"href":"https:\/\/www.fahrwerk-berlin.de\/wp\/wp-json\/wp\/v2\/tags?post=829"}],"curies":[{"name":"wp","href":"https:\/\/api.w.org\/{rel}","templated":true}]}}